{"id":2106,"date":"2022-04-17T15:59:08","date_gmt":"2022-04-17T13:59:08","guid":{"rendered":"https:\/\/www.dfkfilms.com\/de\/?p=2106"},"modified":"2022-04-20T16:02:04","modified_gmt":"2022-04-20T14:02:04","slug":"aus-einem-deutschen-leben","status":"publish","type":"post","link":"https:\/\/www.dfkfilms.com\/de\/2022\/04\/aus-einem-deutschen-leben\/","title":{"rendered":"AUS EINEM DEUTSCHEN LEBEN"},"content":{"rendered":"<h2>Film&amp;Diskussion | 31.05.2022<\/h2>\n<h2>Bundesplatzkino | Berlin<\/h2>\n<p>Reihe PSYCHE &amp; FILM<br \/>\nKooperation der C.G. Jung Gesellschaft Berlin mit dem Bundesplatz-Kino und dfk*films<\/p>\n<p>Dienstag, 31.05.2022 um 20:30 Uhr<\/p>\n<p>Moderation: Edith Rosin | Referent*in: Donat Keusch * Gabriele Sindler<\/p>\n<p><strong>AUS EINEM DEUTSCHEN LEBEN<\/strong><\/p>\n<p>D 1977 | 145\u2019 | <strong>Drehbuch<\/strong> &amp; <strong>Regie<\/strong> Theodor Kotulla nach einem Roman von Robert Merle<br \/>\nmit: G\u00f6tz George | Kurt H\u00fcbner | Elisabeth Schwarz | Hans Korte | Matthias Fuchs<\/p>\n<p><strong>Der Lebensweg des Auschwitzkommandanten Rudolf H\u00f6\u00df, einzigartig verk\u00f6rpert von G\u00f6tz George. <\/strong><\/p>\n<p>AUS EINEM DEUTSCHEN LEBEN basiert auf dem Roman <em>Der Tod ist mein Beruf<\/em> des Franzosen Robert Merle, der auf zahlreiche Dokumente zur\u00fcckgreifen konnte, weil H\u00f6\u00df trotz falscher Papiere, die ihn als Franz Lang auswiesen, lebendig verhaftet wurde und bereitwillig Auskunft gab. Er sah sich als Befehlsempf\u00e4nger und stellt damit das Musterbeispiel eines hochrangigen Schreibtischt\u00e4ters des Naziregimes dar.<\/p>\n<p>Kotullas Spielfilm aus dem Jahr 1977 sp\u00fcrt dem Werdegang seines Franz Lang genannten Protagonisten nach. AUS EINEM DEUTSCHEN LEBEN verzichtet auf eine ausgepr\u00e4gte Inszenierung, die immer auch eine Wertung w\u00e4re. Ohne musikalische Untermalung schildert der Film in vierzehn Kapiteln die wichtigsten Lebensereignisse von Franz Lang. Mit seinem wertungsfreien Ansatz gibt Kotulla dem Publikum die Gelegenheit zur besonnenen Reflexion: An welchem Punkt seiner \u201eKarriere\u201c h\u00e4tte Lang aus diesem System aussteigen k\u00f6nnen?<\/p>\n<p>Langs Werdegang wirkt geradezu unspektakul\u00e4r und geradlinig, der von ihm organisierte V\u00f6lkermord unabwendbar. AUS EINEM DEUTSCHEN LEBEN gelingt es, das Wesen eines autorit\u00e4ren Systems zu verdeutlichen und die Mutlosigkeit des Einzelnen zu dokumentieren.<\/p>\n<p>Eine seltene Gelegenheit, dieses herausragende, leider mehr denn je aktuelle Filmwerk im Kino zu sehen und zu diskutieren.<\/p>\n<p>Zu den Personen:<\/p>\n<p><strong>Edith Rosin<\/strong> Studium der Psychologie an der FU Berlin, Ausbildung zur Analytikerin am C.G. Jung-Institut Berlin, Arbeit in eigener Praxis seit 1996. Seit 2012 Dozentin f\u00fcr Aktive Imagination bei den Lindauer Psychotherapietagen.<\/p>\n<p><strong>Donat Keusch<\/strong> studierte Psychologie und Publizistik. Erfahrung im Film-Verleih, Weltvertrieb, Produktion, Drehbuch und als Lehrer. Erfolgreichster Film: \u00bbYOL \u2013 Der Weg\u00ab (Goldene Palme). Seit 30 Jahren T\u00e4tigkeit als Drehbuchanalytiker\/-berater\/-schreiber unter Pseudonym oder ungenannt. Motto: \u00bbDas Drehbuch ist der Film!\u00ab<\/p>\n<p><strong>Gabriele Sindler<\/strong> Politologin | Drehbuchexpertin | Dozentin<\/p>\n<p>Ort: Bundesplatz-Kino | Bundesplatz 14 | 10715 Berlin<br \/>\nKostenbeitrag: 10,50 \u20ac | erm\u00e4\u00dfigt 9 \u20ac<\/p>\n","protected":false},"excerpt":{"rendered":"<p>Film&amp;Diskussion | 31.05.2022 Bundesplatzkino | Berlin Reihe PSYCHE &amp; FILM Kooperation der C.G. Jung Gesellschaft Berlin mit dem Bundesplatz-Kino und dfk*films Dienstag, 31.05.2022 um 20:30 Uhr Moderation: Edith Rosin |&#8230;<\/p>\n","protected":false},"author":2,"featured_media":2022,"comment_status":"closed","ping_status":"closed","sticky":false,"template":"","format":"standard","meta":{"_acf_changed":false,"footnotes":""},"categories":[2,3,4,5],"tags":[],"class_list":["post-2106","post","type-post","status-publish","format-standard","has-post-thumbnail","hentry","category-bundesplatzkino","category-c-g-jung-gesellschaft-berlin","category-filmreihe-psyche-film","category-vortrag-diskussion"],"acf":[],"_links":{"self":[{"href":"https:\/\/www.dfkfilms.com\/de\/wp-json\/wp\/v2\/posts\/2106","targetHints":{"allow":["GET"]}}],"collection":[{"href":"https:\/\/www.dfkfilms.com\/de\/wp-json\/wp\/v2\/posts"}],"about":[{"href":"https:\/\/www.dfkfilms.com\/de\/wp-json\/wp\/v2\/types\/post"}],"author":[{"embeddable":true,"href":"https:\/\/www.dfkfilms.com\/de\/wp-json\/wp\/v2\/users\/2"}],"replies":[{"embeddable":true,"href":"https:\/\/www.dfkfilms.com\/de\/wp-json\/wp\/v2\/comments?post=2106"}],"version-history":[{"count":1,"href":"https:\/\/www.dfkfilms.com\/de\/wp-json\/wp\/v2\/posts\/2106\/revisions"}],"predecessor-version":[{"id":2107,"href":"https:\/\/www.dfkfilms.com\/de\/wp-json\/wp\/v2\/posts\/2106\/revisions\/2107"}],"wp:featuredmedia":[{"embeddable":true,"href":"https:\/\/www.dfkfilms.com\/de\/wp-json\/wp\/v2\/media\/2022"}],"wp:attachment":[{"href":"https:\/\/www.dfkfilms.com\/de\/wp-json\/wp\/v2\/media?parent=2106"}],"wp:term":[{"taxonomy":"category","embeddable":true,"href":"https:\/\/www.dfkfilms.com\/de\/wp-json\/wp\/v2\/categories?post=2106"},{"taxonomy":"post_tag","embeddable":true,"href":"https:\/\/www.dfkfilms.com\/de\/wp-json\/wp\/v2\/tags?post=2106"}],"curies":[{"name":"wp","href":"https:\/\/api.w.org\/{rel}","templated":true}]}}